{"id":6941,"date":"2026-08-24T18:34:13","date_gmt":"2026-08-24T18:34:13","guid":{"rendered":"https:\/\/redebrnews.tv.br\/ini\/?p=6941"},"modified":"2026-09-01T18:35:16","modified_gmt":"2026-09-01T18:35:16","slug":"participacao-feminina-nas-eleicoes-tem-reducao-de-24-nas-candidaturas-a-camara","status":"publish","type":"post","link":"https:\/\/redebrnews.tv.br\/ini\/participacao-feminina-nas-eleicoes-tem-reducao-de-24-nas-candidaturas-a-camara\/","title":{"rendered":"PARTICIPA\u00c7\u00c3O FEMININA NAS ELEI\u00c7\u00d5ES TEM REDU\u00c7\u00c3O DE 24% NAS CANDIDATURAS \u00c0 C\u00c2MARA"},"content":{"rendered":"<p>O n\u00famero de candidaturas femininas para a C\u00e2mara dos Deputados caiu 24% em 2026 em rela\u00e7\u00e3o a 2022, passando de 3.717 para 2.820. Apesar da queda no total de inscritas, a propor\u00e7\u00e3o de mulheres entre os concorrentes a deputado federal subiu de 35% para 36,7%.<\/p>\n<p>Nas elei\u00e7\u00f5es majorit\u00e1rias, n\u00e3o h\u00e1 mulheres nas chapas presidenciais de partidos com representa\u00e7\u00e3o no Congresso Nacional. Al\u00e9m disso, 34 mulheres disputam os governos estaduais e o Distrito Federal, em um universo de 198 concorrentes. Em 2022, foram 38.<\/p>\n<h3 class=\"ds-titulo-subsecao\">Estudo e propostas<\/h3>\n<p>Um estudo do Instituto Esfera aponta que \u00e9 necess\u00e1rio ampliar o acesso das mulheres aos recursos do <span id=\"4278\" class=\"termoGlossario materia__glossario\" title=\"\" contenteditable=\"false\" data-toggle=\"tooltip\" data-placement=\"top\" data-original-title=\"Fundo especial de assist\u00eancia financeira aos partidos pol\u00edticos, que tenham seu estatuto registrado no Tribunal Superior Eleitoral e presta\u00e7\u00e3o de contas regular perante a Justi\u00e7a Eleitoral. \u00c9 constitu\u00eddo por recursos p\u00fablicos e particulares.\">Fundo Partid\u00e1rio<\/span> e adotar a reserva de vagas. A pesquisadora Daniela Matos afirma que M\u00e9xico e Bol\u00edvia alcan\u00e7aram \u00edndices pr\u00f3ximos a 50% de mulheres nas cadeiras do Poder Legislativo com esse modelo.<\/p>\n<p>Segundo o levantamento, o Brasil tem a menor representa\u00e7\u00e3o feminina na pol\u00edtica entre os pa\u00edses da Am\u00e9rica Latina.<\/p>\n<p>Do conjunto geral de 20.719 candidaturas registradas para todos os cargos nas elei\u00e7\u00f5es de 2026, 35% s\u00e3o de mulheres. Em 2022, elas representavam 34%.<\/p>\n<p>Conforme o levantamento do Instituto Esfera, entre 1998 e 2022, o n\u00famero de candidatas \u00e0 C\u00e2mara dos Deputados cresceu 925%. No mesmo per\u00edodo, o n\u00famero de deputadas eleitas cresceu apenas 210%.<\/p>\n<h3 class=\"ds-titulo-subsecao\">Cotas e financiamento<\/h3>\n<p>No Brasil, as mulheres representam 52% do eleitorado, mas ocupam cerca de 18% das vagas do Congresso Nacional, embora a legisla\u00e7\u00e3o determine cota de 30% para candidaturas e recursos repassados pelos partidos.<\/p>\n<p>Segundo Daniela Matos, falta fiscaliza\u00e7\u00e3o na distribui\u00e7\u00e3o das verbas. \u201cO sistema de cotas at\u00e9 garante que a mulher seja candidata, mas n\u00e3o d\u00e1 condi\u00e7\u00f5es para a elei\u00e7\u00e3o. N\u00e3o d\u00e1 condi\u00e7\u00f5es e um dos motivos \u00e9 a falta de acesso ao Fundo Partid\u00e1rio\u201d, afirma.<\/p>\n<p>A pesquisadora explica que diversos fatores dificultam a entrada das mulheres na vida p\u00fablica. \u201cGeralmente o trabalho dom\u00e9stico ainda recai sobre a mulher: cuidar das crian\u00e7as e organizar a rotina. A vida partid\u00e1ria ocorre \u00e0 noite e nos fins de semana, exigindo dedica\u00e7\u00e3o cont\u00ednua. As barreiras culturais e de acesso s\u00e3o muito altas\u201d, ressalta.<\/p>\n<p>&nbsp;<\/p>\n<div id=\"infografico-embed-1262983\"><img decoding=\"async\" class=\"aligncenter\" src=\"https:\/\/www.camara.leg.br\/internet\/agencia\/infograficos-html5\/cresce-proporcao-de-mulheres-na-populacao-brasileira\/images\/desktop.jpg\" alt=\"\" \/><\/div>\n<p>Foto: Vinicius Loures \/ C\u00e2mara dos Deputados<\/p>\n<p>Fonte: Ag\u00eancia C\u00e2mara de Not\u00edcias<\/p>\n","protected":false},"excerpt":{"rendered":"<p>O n\u00famero de candidaturas femininas para a C\u00e2mara dos Deputados caiu 24% em 2026 em rela\u00e7\u00e3o a 2022, passando de 3.717 para 2.820. Apesar da queda no total de inscritas, a propor\u00e7\u00e3o de mulheres entre os concorrentes a deputado federal subiu de 35% para 36,7%. Nas elei\u00e7\u00f5es majorit\u00e1rias, n\u00e3o h\u00e1 mulheres nas chapas presidenciais de [&hellip;]<\/p>\n","protected":false},"author":2,"featured_media":6944,"comment_status":"open","ping_status":"open","sticky":false,"template":"","format":"video","meta":{"yasr_overall_rating":0,"yasr_post_is_review":"","yasr_auto_insert_disabled":"","yasr_review_type":"","footnotes":""},"categories":[9],"tags":[],"class_list":["post-6941","post","type-post","status-publish","format-video","has-post-thumbnail","hentry","category-videos","post_format-post-format-video"],"yasr_visitor_votes":{"stars_attributes":{"read_only":true,"span_bottom":"<div class='yasr-small-block-bold'><span class='yasr-visitor-votes-must-sign-in'>Voc\u00ea precisa estar logado!<\/span><\/div>"},"number_of_votes":0,"sum_votes":0},"cmb2":{"poster_feature_image":{"vid_m_player_background":"off","vid_m_poster_image":"","vid_m_poster_image_id":""},"gif_feature_image":{"vid_m_gif_image":"","vid_m_gif_image_id":""},"video_movie_settings":{"vid_m_director":"","vid_m_actor":"","vid_m_imdb_ratings":"","vid_m_amazon_associates":"","vid_m_vid_tmdb_movie":"","vid_m_vid_tmdb_tv_shows":"","vid_m_vid_tmdb_thumb":"backdrop_sizes"},"vid_ads_m_videoads_settings_post":{"vid_ads_m_video_ads":"","vid_ads_m_video_ads_type":"","vid_ads_m_group_google_ima":"","vid_ads_m_group_image":"","vid_ads_m_group_html5_video":"","vid_ads_m_group_html":"","vid_ads_m_vpaid_mode":"no","vid_ads_m_vast_preroll":"","vid_ads_m_vast_postroll":"","vid_ads_m_vast_pauseroll":"","vid_ads_m_vast_midroll":[{"vid_ads_m_vast_timer_seconds":"50"}],"vid_ads_m_group_dynamic":[{"vid_ads_m_dynamic_type":"image","vid_ads_m_dynamic_size_desktop":"336x280","vid_ads_m_dynamic_size_mobile":"300x250","vid_ads_m_dynamic_vertial_align":"bottom"}],"vid_ads_m_time_to_show_ads":"","vid_ads_m_time_skip_ads":"","vid_ads_m_time_to_hide_ads":""},"feature_image_settings":{"feature_image_position":""},"video_player_settings":{"single_video_style":"","video_player_position":"","vm_video_url_btn_choose":"","vm_video_url_btn_choose_id":"","vm_video_url":"","vm_video_ratio":"16:9","vm_video_ratio_mobile":"16:9","video_player_library":"","plyr_player":"","video_streaming":"","vm_video_shortcode":"","vm_video_timelapse":"","vm_media_subtitles":"","vm_media_sources":"","vid_vtt_preview":"off","vid_vtt_preview_vtt_file":"","vid_vtt_preview_vtt_file_id":"","vid_vtt_preview_sprite_image":"","vid_vtt_preview_sprite_image_id":"","vid_auto_play":"","vid_preview_mode":"","vm_video_trailer_manl_url":"","vm_screenshot_preview":"","vid_tags":"","vid_p_sync_playlist":"","vid_c_sync_channel":"","get_post_format":"","multiple_links_structure":"default","multi_links_title":"","original_video_title":"","multi_links_series":"","vm_video_multi_links":"","vm_duration":"","vid_social_locker":"off","vid_locker_mode":"social","vid_social_locker_id":"","vid_social_email_locker_id":"","vid_social_signin_locker_id":"","sv_login_to_watch":"","vid_membership_action":"content-video","vm_video_trailer_url":"","vid_download_type":"free","vid_download_target":"download","vid_woo_product":"","vid_download_mode":"","vid_download_mode_trailer":"","vm_media_download":"","user_rating":"","user_rating_position":"","user_rating_mode":"","user_rating_multi_sets":"","ads_above_single_player":""},"video_auto_fetch_settings":{"vm_video_fetch":"on"},"video_fake_views_likes":{"vm_fake_views":"","vm_fake_likes":"","vm_fake_dislikes":""},"gallery_settings":{"gallery_position":""},"quote_settings":{"quote_position":""},"post_options":{"main_layout":"","main_logo":"","main_logo_id":"","main_logo_retina":"","main_logo_retina_id":"","main_logo_mobile":"","main_logo_mobile_id":"","main_logo_mobile_retina":"","main_logo_mobile_retina_id":"","sticky_logo":"","sticky_logo_id":"","sticky_logo_retina":"","sticky_logo_retina_id":"","main_nav_layout":"","header_background":"","theme_sidebar":"","single_post_comment_type":"","theme_background":""}},"_links":{"self":[{"href":"https:\/\/redebrnews.tv.br\/ini\/wp-json\/wp\/v2\/posts\/6941"}],"collection":[{"href":"https:\/\/redebrnews.tv.br\/ini\/wp-json\/wp\/v2\/posts"}],"about":[{"href":"https:\/\/redebrnews.tv.br\/ini\/wp-json\/wp\/v2\/types\/post"}],"author":[{"embeddable":true,"href":"https:\/\/redebrnews.tv.br\/ini\/wp-json\/wp\/v2\/users\/2"}],"replies":[{"embeddable":true,"href":"https:\/\/redebrnews.tv.br\/ini\/wp-json\/wp\/v2\/comments?post=6941"}],"version-history":[{"count":1,"href":"https:\/\/redebrnews.tv.br\/ini\/wp-json\/wp\/v2\/posts\/6941\/revisions"}],"predecessor-version":[{"id":6945,"href":"https:\/\/redebrnews.tv.br\/ini\/wp-json\/wp\/v2\/posts\/6941\/revisions\/6945"}],"wp:featuredmedia":[{"embeddable":true,"href":"https:\/\/redebrnews.tv.br\/ini\/wp-json\/wp\/v2\/media\/6944"}],"wp:attachment":[{"href":"https:\/\/redebrnews.tv.br\/ini\/wp-json\/wp\/v2\/media?parent=6941"}],"wp:term":[{"taxonomy":"category","embeddable":true,"href":"https:\/\/redebrnews.tv.br\/ini\/wp-json\/wp\/v2\/categories?post=6941"},{"taxonomy":"post_tag","embeddable":true,"href":"https:\/\/redebrnews.tv.br\/ini\/wp-json\/wp\/v2\/tags?post=6941"}],"curies":[{"name":"wp","href":"https:\/\/api.w.org\/{rel}","templated":true}]}}