{"id":6903,"date":"2026-08-14T17:49:12","date_gmt":"2026-08-14T17:49:12","guid":{"rendered":"https:\/\/redebrnews.tv.br\/ini\/?p=6903"},"modified":"2026-08-19T02:52:53","modified_gmt":"2026-08-19T02:52:53","slug":"campanha-eleitoral-tem-inicio-neste-domingo-com-novas-regras-para-os-candidatos","status":"publish","type":"post","link":"https:\/\/redebrnews.tv.br\/ini\/campanha-eleitoral-tem-inicio-neste-domingo-com-novas-regras-para-os-candidatos\/","title":{"rendered":"CAMPANHA ELEITORAL TEM IN\u00cdCIO NESTE DOMINGO COM NOVAS REGRAS PARA OS CANDIDATOS"},"content":{"rendered":"<p>A propaganda eleitoral para as elei\u00e7\u00f5es deste ano come\u00e7a oficialmente neste domingo (16). A partir dessa data, candidatas e candidatos j\u00e1 podem pedir votos de forma direta, realizar com\u00edcios e fazer transmiss\u00f5es ao vivo (lives) na internet para promo\u00e7\u00e3o pessoal.<\/p>\n<p>J\u00e1 a propaganda gratuita no r\u00e1dio e na televis\u00e3o s\u00f3 ter\u00e1 in\u00edcio no dia 28 de agosto, a partir de quando as emissoras dever\u00e3o reservar 70 minutos di\u00e1rios na programa\u00e7\u00e3o para inser\u00e7\u00f5es de 30 e 60 segundos, distribu\u00eddas ao longo do dia.<\/p>\n<p>Para tornar a disputa equilibrada e evitar abusos, o Tribunal Superior Eleitoral (TSE) definiu normas r\u00edgidas sobre o que \u00e9 permitido e o que \u00e9 proibido at\u00e9 o primeiro turno das elei\u00e7\u00f5es, no dia 4 de outubro (Resolu\u00e7\u00e3o 23.610\/19).<\/p>\n<p>As regras foram atualizadas neste ano (Resolu\u00e7\u00e3o 23.755\/26) e abordam o uso de intelig\u00eancia artificial (IA) nas campanhas, pro\u00edbem a manipula\u00e7\u00e3o de \u00e1udios e v\u00eddeos para confundir eleitores (<em>deepfakes<\/em>) e responsabilizam partidos, candidatos e plataformas pela n\u00e3o remo\u00e7\u00e3o imediata de conte\u00fados falsos, de \u00f3dio, racistas, homof\u00f3bicos, nazistas, fascistas ou antidemocr\u00e1ticos.<\/p>\n<p>Veja o que pode e o que n\u00e3o pode ser feito at\u00e9 a v\u00e9spera do primeiro turno:<\/p>\n<ul>\n<li>Permitido: entregar folhetos e outros impressos (santinhos) em espa\u00e7os p\u00fablicos abertos, como vias p\u00fablicas, pra\u00e7as, feiras livres e parques, e usar adesivos em ve\u00edculos ou janelas residenciais. Mensagens eletr\u00f4nicas e instant\u00e2neas s\u00e3o permitidas, desde que informem claramente quem \u00e9 o remetente e ofere\u00e7am op\u00e7\u00e3o para descadastramento em at\u00e9 48 horas.<\/li>\n<li>Proibido: fazer propaganda em bens p\u00fablicos ou de uso comum, como postes, \u00e1rvores, muros, cercas, cinemas, clubes, lojas, centros comerciais, templos, gin\u00e1sios e est\u00e1dios, mesmo que sejam de propriedade privada. \u00c9 proibido ainda o uso de outdoors (pain\u00e9is eletr\u00f4nicos ou n\u00e3o) e de telemarketing em qualquer hor\u00e1rio.<\/li>\n<\/ul>\n<h3 class=\"ds-titulo-subsecao\">Redes sociais e intelig\u00eancia artificial<\/h3>\n<ul>\n<li>Redes sociais: candidatos e partidos devem informar ao TSE os endere\u00e7os de seus sites e perfis oficiais. O eleitor pode se manifestar livremente, mas o anonimato \u00e9 proibido.<\/li>\n<li>Intelig\u00eancia artificial: o uso de conte\u00fado gerado por IA \u00e9 permitido, mas deve vir com um aviso expl\u00edcito e destacado de que a imagem ou som foi manipulado tecnologicamente. \u00c9 proibida a publica\u00e7\u00e3o de novos conte\u00fados com IA nas 72 horas antes da elei\u00e7\u00e3o e nas 24 horas seguintes.<\/li>\n<li>Mensagens automatizadas: \u00e9 proibido usar IA para recomendar ou priorizar candidaturas e emitir opini\u00f5es ou recomendar votos por meio de respostas automatizadas.<\/li>\n<li>Mensagens privadas: a propaganda enviada por pessoas f\u00edsicas de forma privada ou em grupos restritos n\u00e3o se submete \u00e0s regras gerais, desde que n\u00e3o haja impulsionamento pago.<\/li>\n<\/ul>\n<h3 class=\"ds-titulo-subsecao\">Impulsionamento de conte\u00fado<\/h3>\n<ul>\n<li>A contrata\u00e7\u00e3o deve ser feita diretamente pelo candidato ou partido com a plataforma (como redes sociais ou buscadores).<\/li>\n<li>O post deve exibir claramente o CNPJ ou CPF do respons\u00e1vel e a express\u00e3o &#8220;Propaganda Eleitoral&#8221;.<\/li>\n<li>\u00c9 proibido impulsionar posts para fazer propaganda negativa ou atacar outros candidatos.<\/li>\n<\/ul>\n<h3 class=\"ds-titulo-subsecao\">Proibi\u00e7\u00e3o de \u201cdeepfakes\u201d<\/h3>\n<p>\u00c9 proibido usar intelig\u00eancia artificial para criar ou alterar vozes e imagens de pessoas (vivas ou mortas), as chamadas <em>deepfakes<\/em>, com o objetivo de enganar o eleitor ou prejudicar candidaturas. Quando usada para prejudicar ou para favorecer candidatura, a <em>deepfake<\/em> configura crime eleitoral e pode levar a cassa\u00e7\u00e3o do registro ou do mandato. O TSE dever\u00e1 decidir em breve, quais situa\u00e7\u00f5es caracterizam esse tipo de uso.<\/p>\n<h3 class=\"ds-titulo-subsecao\">Com\u00edcios e atos de rua<\/h3>\n<ul>\n<li>Com\u00edcios: podem ocorrer entre 8h e meia-noite. O com\u00edcio de encerramento da campanha pode ser estendido por mais duas horas.<\/li>\n<li>Showm\u00edcios: s\u00e3o proibidos eventos com apresenta\u00e7\u00f5es de artistas para animar reuni\u00f5es eleitorais, mesmo que o artista n\u00e3o cobre cach\u00ea.<\/li>\n<li>Som: o uso de alto-falantes \u00e9 permitido at\u00e9 o dia 3 de outubro, das 8h \u00e0s 22h, desde que respeitada a dist\u00e2ncia m\u00ednima de 200 metros de hospitais, escolas e tribunais.<\/li>\n<\/ul>\n<h3 class=\"ds-titulo-subsecao\">Debates<\/h3>\n<p>As emissoras de r\u00e1dio e TV devem convidar para os debates os candidatos de partidos que tenham, no m\u00ednimo, cinco parlamentares no Congresso Nacional. A presen\u00e7a dos demais candidatos \u00e9 facultativa, dependendo de convite da emissora.<\/p>\n<h3 class=\"ds-titulo-subsecao\">Prazos at\u00e9 o 1\u00ba turno<\/h3>\n<ul>\n<li>15 de agosto (s\u00e1bado): prazo final para o registro oficial de candidaturas.<\/li>\n<li>16 de agosto (domingo): in\u00edcio oficial da propaganda eleitoral geral e na internet.<\/li>\n<li>28 de agosto (sexta-feira): in\u00edcio da propaganda eleitoral gratuita no r\u00e1dio e na TV.<\/li>\n<li>1\u00ba de outubro (quinta-feira): \u00faltimo dia para debates, com\u00edcios e propaganda gratuita.<\/li>\n<li>3 de outubro (s\u00e1bado): \u00faltimo dia para caminhadas, carreatas e uso de alto-falantes (at\u00e9 as 22h).<\/li>\n<li>4 de outubro (domingo): dia da elei\u00e7\u00e3o (1\u00ba turno).<\/li>\n<\/ul>\n<p>Para denunciar irregularidades, o eleitor pode usar o <a href=\"https:\/\/www.tse.jus.br\/eleicoes\/sistema-de-alertas\">aplicativo Pardal M\u00f3vel ou o sistema Siade do TSE<\/a> para casos de desinforma\u00e7\u00e3o.<\/p>\n<p>Foto: Marcelo Camargo\/Ag\u00eancia Brasil<\/p>\n<p>Fonte: Ag\u00eancia C\u00e2mara de Not\u00edcias<\/p>\n","protected":false},"excerpt":{"rendered":"<p>A propaganda eleitoral para as elei\u00e7\u00f5es deste ano come\u00e7a oficialmente neste domingo (16). A partir dessa data, candidatas e candidatos j\u00e1 podem pedir votos de forma direta, realizar com\u00edcios e fazer transmiss\u00f5es ao vivo (lives) na internet para promo\u00e7\u00e3o pessoal. J\u00e1 a propaganda gratuita no r\u00e1dio e na televis\u00e3o s\u00f3 ter\u00e1 in\u00edcio no dia 28 [&hellip;]<\/p>\n","protected":false},"author":2,"featured_media":6904,"comment_status":"open","ping_status":"open","sticky":false,"template":"","format":"video","meta":{"yasr_overall_rating":0,"yasr_post_is_review":"","yasr_auto_insert_disabled":"","yasr_review_type":"","footnotes":""},"categories":[9],"tags":[],"class_list":["post-6903","post","type-post","status-publish","format-video","has-post-thumbnail","hentry","category-videos","post_format-post-format-video"],"yasr_visitor_votes":{"stars_attributes":{"read_only":true,"span_bottom":"<div class='yasr-small-block-bold'><span class='yasr-visitor-votes-must-sign-in'>Voc\u00ea precisa estar logado!<\/span><\/div>"},"number_of_votes":0,"sum_votes":0},"cmb2":{"poster_feature_image":{"vid_m_player_background":"off","vid_m_poster_image":"","vid_m_poster_image_id":""},"gif_feature_image":{"vid_m_gif_image":"","vid_m_gif_image_id":""},"video_movie_settings":{"vid_m_director":"","vid_m_actor":"","vid_m_imdb_ratings":"","vid_m_amazon_associates":"","vid_m_vid_tmdb_movie":"","vid_m_vid_tmdb_tv_shows":"","vid_m_vid_tmdb_thumb":"backdrop_sizes"},"vid_ads_m_videoads_settings_post":{"vid_ads_m_video_ads":"","vid_ads_m_video_ads_type":"","vid_ads_m_group_google_ima":"","vid_ads_m_group_image":"","vid_ads_m_group_html5_video":"","vid_ads_m_group_html":"","vid_ads_m_vpaid_mode":"no","vid_ads_m_vast_preroll":"","vid_ads_m_vast_postroll":"","vid_ads_m_vast_pauseroll":"","vid_ads_m_vast_midroll":[{"vid_ads_m_vast_timer_seconds":"50"}],"vid_ads_m_group_dynamic":[{"vid_ads_m_dynamic_type":"image","vid_ads_m_dynamic_size_desktop":"336x280","vid_ads_m_dynamic_size_mobile":"300x250","vid_ads_m_dynamic_vertial_align":"bottom"}],"vid_ads_m_time_to_show_ads":"","vid_ads_m_time_skip_ads":"","vid_ads_m_time_to_hide_ads":""},"feature_image_settings":{"feature_image_position":""},"video_player_settings":{"single_video_style":"","video_player_position":"","vm_video_url_btn_choose":"","vm_video_url_btn_choose_id":"","vm_video_url":"","vm_video_ratio":"16:9","vm_video_ratio_mobile":"16:9","video_player_library":"","plyr_player":"","video_streaming":"","vm_video_shortcode":"","vm_video_timelapse":"","vm_media_subtitles":"","vm_media_sources":"","vid_vtt_preview":"off","vid_vtt_preview_vtt_file":"","vid_vtt_preview_vtt_file_id":"","vid_vtt_preview_sprite_image":"","vid_vtt_preview_sprite_image_id":"","vid_auto_play":"","vid_preview_mode":"","vm_video_trailer_manl_url":"","vm_screenshot_preview":"","vid_tags":"","vid_p_sync_playlist":"","vid_c_sync_channel":"","get_post_format":"","multiple_links_structure":"default","multi_links_title":"","original_video_title":"","multi_links_series":"","vm_video_multi_links":"","vm_duration":"","vid_social_locker":"off","vid_locker_mode":"social","vid_social_locker_id":"","vid_social_email_locker_id":"","vid_social_signin_locker_id":"","sv_login_to_watch":"","vid_membership_action":"content-video","vm_video_trailer_url":"","vid_download_type":"free","vid_download_target":"download","vid_woo_product":"","vid_download_mode":"","vid_download_mode_trailer":"","vm_media_download":"","user_rating":"","user_rating_position":"","user_rating_mode":"","user_rating_multi_sets":"","ads_above_single_player":""},"video_auto_fetch_settings":{"vm_video_fetch":"on"},"video_fake_views_likes":{"vm_fake_views":"","vm_fake_likes":"","vm_fake_dislikes":""},"gallery_settings":{"gallery_position":""},"quote_settings":{"quote_position":""},"post_options":{"main_layout":"","main_logo":"","main_logo_id":"","main_logo_retina":"","main_logo_retina_id":"","main_logo_mobile":"","main_logo_mobile_id":"","main_logo_mobile_retina":"","main_logo_mobile_retina_id":"","sticky_logo":"","sticky_logo_id":"","sticky_logo_retina":"","sticky_logo_retina_id":"","main_nav_layout":"","header_background":"","theme_sidebar":"","single_post_comment_type":"","theme_background":""}},"_links":{"self":[{"href":"https:\/\/redebrnews.tv.br\/ini\/wp-json\/wp\/v2\/posts\/6903"}],"collection":[{"href":"https:\/\/redebrnews.tv.br\/ini\/wp-json\/wp\/v2\/posts"}],"about":[{"href":"https:\/\/redebrnews.tv.br\/ini\/wp-json\/wp\/v2\/types\/post"}],"author":[{"embeddable":true,"href":"https:\/\/redebrnews.tv.br\/ini\/wp-json\/wp\/v2\/users\/2"}],"replies":[{"embeddable":true,"href":"https:\/\/redebrnews.tv.br\/ini\/wp-json\/wp\/v2\/comments?post=6903"}],"version-history":[{"count":1,"href":"https:\/\/redebrnews.tv.br\/ini\/wp-json\/wp\/v2\/posts\/6903\/revisions"}],"predecessor-version":[{"id":6905,"href":"https:\/\/redebrnews.tv.br\/ini\/wp-json\/wp\/v2\/posts\/6903\/revisions\/6905"}],"wp:featuredmedia":[{"embeddable":true,"href":"https:\/\/redebrnews.tv.br\/ini\/wp-json\/wp\/v2\/media\/6904"}],"wp:attachment":[{"href":"https:\/\/redebrnews.tv.br\/ini\/wp-json\/wp\/v2\/media?parent=6903"}],"wp:term":[{"taxonomy":"category","embeddable":true,"href":"https:\/\/redebrnews.tv.br\/ini\/wp-json\/wp\/v2\/categories?post=6903"},{"taxonomy":"post_tag","embeddable":true,"href":"https:\/\/redebrnews.tv.br\/ini\/wp-json\/wp\/v2\/tags?post=6903"}],"curies":[{"name":"wp","href":"https:\/\/api.w.org\/{rel}","templated":true}]}}