{"id":6880,"date":"2026-08-12T14:44:46","date_gmt":"2026-08-12T14:44:46","guid":{"rendered":"https:\/\/redebrnews.tv.br\/ini\/?p=6880"},"modified":"2026-08-13T10:47:04","modified_gmt":"2026-08-13T10:47:04","slug":"sessao-no-congresso-marca-20-anos-da-lei-maria-da-penha-e-reforca-combate-a-violencia-contra-a-mulher","status":"publish","type":"post","link":"https:\/\/redebrnews.tv.br\/ini\/sessao-no-congresso-marca-20-anos-da-lei-maria-da-penha-e-reforca-combate-a-violencia-contra-a-mulher\/","title":{"rendered":"SESS\u00c3O NO CONGRESSO MARCA 20 ANOS DA LEI MARIA DA PENHA E REFOR\u00c7A COMBATE \u00c0 VIOL\u00caNCIA CONTRA A MULHER"},"content":{"rendered":"<p class=\"isSelectedEnd\">O Congresso Nacional realizou, nesta quarta-feira (12), uma sess\u00e3o especial em homenagem aos <strong>20 anos da Lei Maria da Penha<\/strong>, marco na prote\u00e7\u00e3o das mulheres e no enfrentamento \u00e0 viol\u00eancia dom\u00e9stica e familiar no Brasil.<\/p>\n<p class=\"isSelectedEnd\">A sess\u00e3o foi convocada a partir de requerimento da deputada <strong>Alice Portugal<\/strong>, que destacou a import\u00e2ncia de manter a vigil\u00e2ncia e ampliar as pol\u00edticas de prote\u00e7\u00e3o \u00e0s mulheres. Durante o encontro, tamb\u00e9m ganhou destaque a defesa da criminaliza\u00e7\u00e3o da misoginia e a necessidade de fortalecer mecanismos de combate ao feminic\u00eddio e \u00e0s diferentes formas de viol\u00eancia.<\/p>\n<p class=\"isSelectedEnd\">A parlamentar ressaltou que a Lei Maria da Penha representa um marco hist\u00f3rico para as mulheres brasileiras e refor\u00e7ou a import\u00e2ncia de avan\u00e7ar na legisla\u00e7\u00e3o. \u201c<strong>Queremos mulheres vivas<\/strong>\u201d, afirmou, durante a sess\u00e3o.<\/p>\n<p>A cobertura tamb\u00e9m destacou o movimento do Congresso durante a chamada semana de esfor\u00e7o concentrado de agosto, marcada pela participa\u00e7\u00e3o de parlamentares presencialmente e de forma remota nas atividades das duas Casas.<\/p>\n","protected":false},"excerpt":{"rendered":"<p>O Congresso Nacional realizou, nesta quarta-feira (12), uma sess\u00e3o especial em homenagem aos 20 anos da Lei Maria da Penha, marco na prote\u00e7\u00e3o das mulheres e no enfrentamento \u00e0 viol\u00eancia dom\u00e9stica e familiar no Brasil. A sess\u00e3o foi convocada a partir de requerimento da deputada Alice Portugal, que destacou a import\u00e2ncia de manter a vigil\u00e2ncia [&hellip;]<\/p>\n","protected":false},"author":2,"featured_media":6882,"comment_status":"open","ping_status":"open","sticky":false,"template":"","format":"video","meta":{"yasr_overall_rating":0,"yasr_post_is_review":"","yasr_auto_insert_disabled":"","yasr_review_type":"","footnotes":""},"categories":[83],"tags":[],"class_list":["post-6880","post","type-post","status-publish","format-video","has-post-thumbnail","hentry","category-bahia","post_format-post-format-video"],"yasr_visitor_votes":{"stars_attributes":{"read_only":true,"span_bottom":"<div class='yasr-small-block-bold'><span class='yasr-visitor-votes-must-sign-in'>Voc\u00ea precisa estar logado!<\/span><\/div>"},"number_of_votes":0,"sum_votes":0},"cmb2":{"poster_feature_image":{"vid_m_player_background":"off","vid_m_poster_image":"","vid_m_poster_image_id":""},"gif_feature_image":{"vid_m_gif_image":"","vid_m_gif_image_id":""},"video_movie_settings":{"vid_m_director":"","vid_m_actor":"","vid_m_imdb_ratings":"","vid_m_amazon_associates":"","vid_m_vid_tmdb_movie":"","vid_m_vid_tmdb_tv_shows":"","vid_m_vid_tmdb_thumb":"backdrop_sizes"},"vid_ads_m_videoads_settings_post":{"vid_ads_m_video_ads":"","vid_ads_m_video_ads_type":"","vid_ads_m_group_google_ima":"","vid_ads_m_group_image":"","vid_ads_m_group_html5_video":"","vid_ads_m_group_html":"","vid_ads_m_vpaid_mode":"no","vid_ads_m_vast_preroll":"","vid_ads_m_vast_postroll":"","vid_ads_m_vast_pauseroll":"","vid_ads_m_vast_midroll":[{"vid_ads_m_vast_timer_seconds":"50"}],"vid_ads_m_group_dynamic":[{"vid_ads_m_dynamic_type":"image","vid_ads_m_dynamic_size_desktop":"336x280","vid_ads_m_dynamic_size_mobile":"300x250","vid_ads_m_dynamic_vertial_align":"bottom"}],"vid_ads_m_time_to_show_ads":"","vid_ads_m_time_skip_ads":"","vid_ads_m_time_to_hide_ads":""},"feature_image_settings":{"feature_image_position":""},"video_player_settings":{"single_video_style":"","video_player_position":"","vm_video_url_btn_choose":"https:\/\/redebrnews.tv.br\/ini\/wp-content\/uploads\/2026\/08\/WhatsApp-Video-2026-08-12-at-12.11.28.mp4","vm_video_url_btn_choose_id":"6881","vm_video_url":"https:\/\/redebrnews.tv.br\/ini\/wp-content\/uploads\/2026\/08\/WhatsApp-Video-2026-08-12-at-12.11.28.mp4","vm_video_ratio":"16:9","vm_video_ratio_mobile":"16:9","video_player_library":"","plyr_player":"","video_streaming":"","vm_video_shortcode":"","vm_video_timelapse":"","vm_media_subtitles":"","vm_media_sources":"","vid_vtt_preview":"off","vid_vtt_preview_vtt_file":"","vid_vtt_preview_vtt_file_id":"","vid_vtt_preview_sprite_image":"","vid_vtt_preview_sprite_image_id":"","vid_auto_play":"","vid_preview_mode":"","vm_video_trailer_manl_url":"","vm_screenshot_preview":"","vid_tags":"","vid_p_sync_playlist":"","vid_c_sync_channel":"","get_post_format":"","multiple_links_structure":"default","multi_links_title":"","original_video_title":"","multi_links_series":"","vm_video_multi_links":"","vm_duration":"","vid_social_locker":"off","vid_locker_mode":"social","vid_social_locker_id":"","vid_social_email_locker_id":"","vid_social_signin_locker_id":"","sv_login_to_watch":"","vid_membership_action":"content-video","vm_video_trailer_url":"","vid_download_type":"free","vid_download_target":"download","vid_woo_product":"","vid_download_mode":"","vid_download_mode_trailer":"","vm_media_download":"","user_rating":"","user_rating_position":"","user_rating_mode":"","user_rating_multi_sets":"","ads_above_single_player":""},"video_auto_fetch_settings":{"vm_video_fetch":"on"},"video_fake_views_likes":{"vm_fake_views":"","vm_fake_likes":"","vm_fake_dislikes":""},"gallery_settings":{"gallery_position":""},"quote_settings":{"quote_position":""},"post_options":{"main_layout":"","main_logo":"","main_logo_id":"","main_logo_retina":"","main_logo_retina_id":"","main_logo_mobile":"","main_logo_mobile_id":"","main_logo_mobile_retina":"","main_logo_mobile_retina_id":"","sticky_logo":"","sticky_logo_id":"","sticky_logo_retina":"","sticky_logo_retina_id":"","main_nav_layout":"","header_background":"","theme_sidebar":"","single_post_comment_type":"","theme_background":""}},"_links":{"self":[{"href":"https:\/\/redebrnews.tv.br\/ini\/wp-json\/wp\/v2\/posts\/6880"}],"collection":[{"href":"https:\/\/redebrnews.tv.br\/ini\/wp-json\/wp\/v2\/posts"}],"about":[{"href":"https:\/\/redebrnews.tv.br\/ini\/wp-json\/wp\/v2\/types\/post"}],"author":[{"embeddable":true,"href":"https:\/\/redebrnews.tv.br\/ini\/wp-json\/wp\/v2\/users\/2"}],"replies":[{"embeddable":true,"href":"https:\/\/redebrnews.tv.br\/ini\/wp-json\/wp\/v2\/comments?post=6880"}],"version-history":[{"count":1,"href":"https:\/\/redebrnews.tv.br\/ini\/wp-json\/wp\/v2\/posts\/6880\/revisions"}],"predecessor-version":[{"id":6883,"href":"https:\/\/redebrnews.tv.br\/ini\/wp-json\/wp\/v2\/posts\/6880\/revisions\/6883"}],"wp:featuredmedia":[{"embeddable":true,"href":"https:\/\/redebrnews.tv.br\/ini\/wp-json\/wp\/v2\/media\/6882"}],"wp:attachment":[{"href":"https:\/\/redebrnews.tv.br\/ini\/wp-json\/wp\/v2\/media?parent=6880"}],"wp:term":[{"taxonomy":"category","embeddable":true,"href":"https:\/\/redebrnews.tv.br\/ini\/wp-json\/wp\/v2\/categories?post=6880"},{"taxonomy":"post_tag","embeddable":true,"href":"https:\/\/redebrnews.tv.br\/ini\/wp-json\/wp\/v2\/tags?post=6880"}],"curies":[{"name":"wp","href":"https:\/\/api.w.org\/{rel}","templated":true}]}}