{"id":6756,"date":"2026-07-01T14:28:40","date_gmt":"2026-07-01T14:28:40","guid":{"rendered":"https:\/\/redebrnews.tv.br\/ini\/?p=6756"},"modified":"2026-07-02T04:31:10","modified_gmt":"2026-07-02T04:31:10","slug":"sesi-celebra-80-anos-com-homenagem-na-camara-dos-deputados","status":"publish","type":"post","link":"https:\/\/redebrnews.tv.br\/ini\/sesi-celebra-80-anos-com-homenagem-na-camara-dos-deputados\/","title":{"rendered":"SESI CELEBRA 80 ANOS COM HOMENAGEM NA C\u00c2MARA DOS DEPUTADOS"},"content":{"rendered":"<p class=\"isSelectedEnd\">A C\u00e2mara dos Deputados realizou uma sess\u00e3o especial em homenagem aos 80 anos do Servi\u00e7o Social da Ind\u00fastria (SESI), celebrados em 1\u00ba de julho. O evento reuniu representantes do setor industrial, dirigentes de federa\u00e7\u00f5es e autoridades para destacar a trajet\u00f3ria da institui\u00e7\u00e3o na promo\u00e7\u00e3o da educa\u00e7\u00e3o, sa\u00fade, cultura, esporte e qualifica\u00e7\u00e3o profissional dos trabalhadores brasileiros.<\/p>\n<p>Durante a cerim\u00f4nia, o presidente da Associa\u00e7\u00e3o Nordeste Forte ressaltou a import\u00e2ncia da integra\u00e7\u00e3o entre as federa\u00e7\u00f5es das ind\u00fastrias da regi\u00e3o para impulsionar o desenvolvimento do Nordeste. J\u00e1 o presidente do Conselho Nacional do SESI destacou que, desde sua cria\u00e7\u00e3o em 1946, a entidade tem conciliado o fortalecimento da ind\u00fastria com a promo\u00e7\u00e3o de direitos sociais. Segundo ele, o SESI segue preparado para enfrentar os desafios da transforma\u00e7\u00e3o tecnol\u00f3gica, da intelig\u00eancia artificial e das mudan\u00e7as no mercado de trabalho, contribuindo para o aumento da produtividade e para o desenvolvimento social do pa\u00eds.<\/p>\n","protected":false},"excerpt":{"rendered":"<p>A C\u00e2mara dos Deputados realizou uma sess\u00e3o especial em homenagem aos 80 anos do Servi\u00e7o Social da Ind\u00fastria (SESI), celebrados em 1\u00ba de julho. O evento reuniu representantes do setor industrial, dirigentes de federa\u00e7\u00f5es e autoridades para destacar a trajet\u00f3ria da institui\u00e7\u00e3o na promo\u00e7\u00e3o da educa\u00e7\u00e3o, sa\u00fade, cultura, esporte e qualifica\u00e7\u00e3o profissional dos trabalhadores brasileiros. [&hellip;]<\/p>\n","protected":false},"author":2,"featured_media":6757,"comment_status":"open","ping_status":"open","sticky":false,"template":"","format":"video","meta":{"yasr_overall_rating":0,"yasr_post_is_review":"","yasr_auto_insert_disabled":"","yasr_review_type":"","footnotes":""},"categories":[10],"tags":[],"class_list":["post-6756","post","type-post","status-publish","format-video","has-post-thumbnail","hentry","category-travel-vlog","post_format-post-format-video"],"yasr_visitor_votes":{"stars_attributes":{"read_only":true,"span_bottom":"<div class='yasr-small-block-bold'><span class='yasr-visitor-votes-must-sign-in'>Voc\u00ea precisa estar logado!<\/span><\/div>"},"number_of_votes":0,"sum_votes":0},"cmb2":{"poster_feature_image":{"vid_m_player_background":"off","vid_m_poster_image":"","vid_m_poster_image_id":""},"gif_feature_image":{"vid_m_gif_image":"","vid_m_gif_image_id":""},"video_movie_settings":{"vid_m_director":"","vid_m_actor":"","vid_m_imdb_ratings":"","vid_m_amazon_associates":"","vid_m_vid_tmdb_movie":"","vid_m_vid_tmdb_tv_shows":"","vid_m_vid_tmdb_thumb":"backdrop_sizes"},"vid_ads_m_videoads_settings_post":{"vid_ads_m_video_ads":"","vid_ads_m_video_ads_type":"","vid_ads_m_group_google_ima":"","vid_ads_m_group_image":"","vid_ads_m_group_html5_video":"","vid_ads_m_group_html":"","vid_ads_m_vpaid_mode":"no","vid_ads_m_vast_preroll":"","vid_ads_m_vast_postroll":"","vid_ads_m_vast_pauseroll":"","vid_ads_m_vast_midroll":[{"vid_ads_m_vast_timer_seconds":"50"}],"vid_ads_m_group_dynamic":[{"vid_ads_m_dynamic_type":"image","vid_ads_m_dynamic_size_desktop":"336x280","vid_ads_m_dynamic_size_mobile":"300x250","vid_ads_m_dynamic_vertial_align":"bottom"}],"vid_ads_m_time_to_show_ads":"","vid_ads_m_time_skip_ads":"","vid_ads_m_time_to_hide_ads":""},"feature_image_settings":{"feature_image_position":""},"video_player_settings":{"single_video_style":"","video_player_position":"","vm_video_url_btn_choose":"","vm_video_url_btn_choose_id":"","vm_video_url":"https:\/\/youtu.be\/rfDKJIqKa_8","vm_video_ratio":"16:9","vm_video_ratio_mobile":"16:9","video_player_library":"","plyr_player":"","video_streaming":"","vm_video_shortcode":"","vm_video_timelapse":"","vm_media_subtitles":"","vm_media_sources":"","vid_vtt_preview":"off","vid_vtt_preview_vtt_file":"","vid_vtt_preview_vtt_file_id":"","vid_vtt_preview_sprite_image":"","vid_vtt_preview_sprite_image_id":"","vid_auto_play":"","vid_preview_mode":"","vm_video_trailer_manl_url":"","vm_screenshot_preview":"","vid_tags":"","vid_p_sync_playlist":"","vid_c_sync_channel":"","get_post_format":"","multiple_links_structure":"default","multi_links_title":"","original_video_title":"","multi_links_series":"","vm_video_multi_links":"","vm_duration":"","vid_social_locker":"off","vid_locker_mode":"social","vid_social_locker_id":"","vid_social_email_locker_id":"","vid_social_signin_locker_id":"","sv_login_to_watch":"","vid_membership_action":"content-video","vm_video_trailer_url":"","vid_download_type":"free","vid_download_target":"download","vid_woo_product":"","vid_download_mode":"","vid_download_mode_trailer":"","vm_media_download":"","user_rating":"","user_rating_position":"","user_rating_mode":"","user_rating_multi_sets":"","ads_above_single_player":""},"video_auto_fetch_settings":{"vm_video_fetch":"on"},"video_fake_views_likes":{"vm_fake_views":"","vm_fake_likes":"","vm_fake_dislikes":""},"gallery_settings":{"gallery_position":""},"quote_settings":{"quote_position":""},"post_options":{"main_layout":"","main_logo":"","main_logo_id":"","main_logo_retina":"","main_logo_retina_id":"","main_logo_mobile":"","main_logo_mobile_id":"","main_logo_mobile_retina":"","main_logo_mobile_retina_id":"","sticky_logo":"","sticky_logo_id":"","sticky_logo_retina":"","sticky_logo_retina_id":"","main_nav_layout":"","header_background":"","theme_sidebar":"","single_post_comment_type":"","theme_background":""}},"_links":{"self":[{"href":"https:\/\/redebrnews.tv.br\/ini\/wp-json\/wp\/v2\/posts\/6756"}],"collection":[{"href":"https:\/\/redebrnews.tv.br\/ini\/wp-json\/wp\/v2\/posts"}],"about":[{"href":"https:\/\/redebrnews.tv.br\/ini\/wp-json\/wp\/v2\/types\/post"}],"author":[{"embeddable":true,"href":"https:\/\/redebrnews.tv.br\/ini\/wp-json\/wp\/v2\/users\/2"}],"replies":[{"embeddable":true,"href":"https:\/\/redebrnews.tv.br\/ini\/wp-json\/wp\/v2\/comments?post=6756"}],"version-history":[{"count":1,"href":"https:\/\/redebrnews.tv.br\/ini\/wp-json\/wp\/v2\/posts\/6756\/revisions"}],"predecessor-version":[{"id":6758,"href":"https:\/\/redebrnews.tv.br\/ini\/wp-json\/wp\/v2\/posts\/6756\/revisions\/6758"}],"wp:featuredmedia":[{"embeddable":true,"href":"https:\/\/redebrnews.tv.br\/ini\/wp-json\/wp\/v2\/media\/6757"}],"wp:attachment":[{"href":"https:\/\/redebrnews.tv.br\/ini\/wp-json\/wp\/v2\/media?parent=6756"}],"wp:term":[{"taxonomy":"category","embeddable":true,"href":"https:\/\/redebrnews.tv.br\/ini\/wp-json\/wp\/v2\/categories?post=6756"},{"taxonomy":"post_tag","embeddable":true,"href":"https:\/\/redebrnews.tv.br\/ini\/wp-json\/wp\/v2\/tags?post=6756"}],"curies":[{"name":"wp","href":"https:\/\/api.w.org\/{rel}","templated":true}]}}